{"id":8773,"date":"2025-06-02T09:13:15","date_gmt":"2025-06-02T07:13:15","guid":{"rendered":"https:\/\/www.actualtextiles.com\/textile-madagascar-actual-textiles-celebre-la-journee-mondiale-sans-tabac-avec-un-message-fort-pour-la-sante-de-ses-salaries\/"},"modified":"2025-06-02T09:20:55","modified_gmt":"2025-06-02T07:20:55","slug":"textile-madagascar-actual-textiles-celebre-la-journee-mondiale-sans-tabac-avec-un-message-fort-pour-la-sante-de-ses-salaries","status":"publish","type":"post","link":"https:\/\/www.actualtextiles.com\/fr\/textile-madagascar-actual-textiles-celebre-la-journee-mondiale-sans-tabac-avec-un-message-fort-pour-la-sante-de-ses-salaries\/","title":{"rendered":"Textile Madagascar : ACTUAL TEXTILES c\u00e9l\u00e8bre la Journ\u00e9e mondiale sans tabac avec un message fort pour la sant\u00e9 de ses salari\u00e9s"},"content":{"rendered":"\n<figure class=\"wp-block-image size-large\"><img fetchpriority=\"high\" decoding=\"async\" width=\"1024\" height=\"1024\" src=\"https:\/\/www.actualtextiles.com\/wp-content\/uploads\/2025\/06\/OIP-1-1024x1024.jpg\" alt=\"\" class=\"wp-image-8759\" srcset=\"https:\/\/www.actualtextiles.com\/wp-content\/uploads\/2025\/06\/OIP-1-1024x1024.jpg 1024w, https:\/\/www.actualtextiles.com\/wp-content\/uploads\/2025\/06\/OIP-1-300x300.jpg 300w, https:\/\/www.actualtextiles.com\/wp-content\/uploads\/2025\/06\/OIP-1-150x150.jpg 150w, https:\/\/www.actualtextiles.com\/wp-content\/uploads\/2025\/06\/OIP-1-768x768.jpg 768w, https:\/\/www.actualtextiles.com\/wp-content\/uploads\/2025\/06\/OIP-1-1536x1536.jpg 1536w, https:\/\/www.actualtextiles.com\/wp-content\/uploads\/2025\/06\/OIP-1.jpg 1920w\" sizes=\"(max-width: 1024px) 100vw, 1024px\" \/><\/figure>\n<p>Dans le secteur en pleine expansion du textile \u00e0 Madagascar, ACTUAL TEXTILES se distingue non seulement par la qualit\u00e9 de ses productions, mais \u00e9galement par son engagement social exemplaire. \u00c0 l\u2019occasion de la Journ\u00e9e mondiale sans tabac, c\u00e9l\u00e9br\u00e9e chaque 31 mai, l\u2019entreprise a mis en place une initiative originale pour sensibiliser ses collaborateurs aux dangers du tabac et promouvoir un environnement de travail plus sain.<\/p>\n\n<p><p><strong>Une mobilisation humaine au sein du textile \u00e0 Madagascar<\/strong><\/p><\/p>\n\n<p>ACTUAL TEXTILES, entreprise embl\u00e9matique du textile \u00e0 Madagascar, a profit\u00e9 de cette journ\u00e9e internationale pour aller \u00e0 la rencontre de ses salari\u00e9s et recueillir leurs t\u00e9moignages. Une enqu\u00eate interne a r\u00e9v\u00e9l\u00e9 que les employ\u00e9s masculins sont les plus touch\u00e9s par le tabagisme, avec une consommation moyenne de 3 \u00e0 10 cigarettes par jour. Cela repr\u00e9sente une d\u00e9pense quotidienne de 900 \u00e0 4 000 ariary, soit jusqu\u2019\u00e0 120 000 ariary par mois \u2014 l\u2019\u00e9quivalent de 10 \u00e0 15 % de leur salaire mensuel, litt\u00e9ralement \u00ab\u202fr\u00e9duits en cendre\u202f\u00bb \u00e0 cause du tabac.<\/p>\n\n<p>Mais au-del\u00e0 du constat, une lueur d\u2019espoir ressort : 68 % des fumeurs interrog\u00e9s ont exprim\u00e9 le souhait sinc\u00e8re d\u2019arr\u00eater. Un signal fort dans un secteur comme celui du textile \u00e0 Madagascar, o\u00f9 les cadences peuvent \u00eatre intenses et le stress quotidien.<\/p>\n\n<p><p><strong>T\u00e9moignages, affichages et solidarit\u00e9 dans l\u2019industrie textile<\/strong><\/p><\/p>\n\n<p>Les t\u00e9moignages r\u00e9colt\u00e9s ont \u00e9t\u00e9 expos\u00e9s sur une grande pancarte install\u00e9e dans la cantine de l\u2019usine ACTUAL TEXTILES le 30 mai 2025 ; un lieu de vie central pour les employ\u00e9s. Ces r\u00e9cits de fumeurs ont \u00e9t\u00e9 accompagn\u00e9s de messages de pr\u00e9vention \u00e0 l\u2019attention des non-fumeurs, dans un esprit de partage et de solidarit\u00e9. Des affiches de sensibilisation et des conseils pratiques pour arr\u00eater de fumer ont \u00e9galement \u00e9t\u00e9 diffus\u00e9s dans tous les ateliers de production et espaces communs de l\u2019entreprise.<\/p>\n\n<figure class=\"wp-block-image size-large\"><img decoding=\"async\" width=\"1024\" height=\"300\" src=\"https:\/\/www.actualtextiles.com\/wp-content\/uploads\/2025\/06\/IMG-20250530-WA0001-1024x300.jpg\" alt=\"\" class=\"wp-image-8761\" srcset=\"https:\/\/www.actualtextiles.com\/wp-content\/uploads\/2025\/06\/IMG-20250530-WA0001-1024x300.jpg 1024w, https:\/\/www.actualtextiles.com\/wp-content\/uploads\/2025\/06\/IMG-20250530-WA0001-300x88.jpg 300w, https:\/\/www.actualtextiles.com\/wp-content\/uploads\/2025\/06\/IMG-20250530-WA0001-768x225.jpg 768w, https:\/\/www.actualtextiles.com\/wp-content\/uploads\/2025\/06\/IMG-20250530-WA0001.jpg 1104w\" sizes=\"(max-width: 1024px) 100vw, 1024px\" \/><\/figure>\n<p>Ce type de d\u00e9marche montre que le textile \u00e0 Madagascar ne se limite pas \u00e0 une performance \u00e9conomique : il s\u2019agit aussi de valoriser l\u2019humain, et de veiller \u00e0 la sant\u00e9 physique et mentale de ceux qui le font vivre au quotidien.<\/p>\n\n<p><p><strong>Des voix qui r\u00e9sonnent : les mots d\u2019espoir des salari\u00e9s du textile \u00e0 Madagascar<\/strong><\/p><\/p>\n\n<p>Au c\u0153ur de cette campagne de sensibilisation, certains t\u00e9moignages d\u2019employ\u00e9s ont particuli\u00e8rement marqu\u00e9 les esprits, illustrant la force de l\u2019engagement personnel et la volont\u00e9 de changement pr\u00e9sente au sein de l\u2019\u00e9quipe ACTUAL TEXTILES. Ces messages, porteurs d\u2019\u00e9motion et d\u2019espoir, montrent que derri\u00e8re chaque fumeur, il y a une histoire, une lutte, et souvent un d\u00e9sir profond de s\u2019en sortir.<\/p>\n\n<p><p><strong>Elie<\/strong>, agent de s\u00e9curit\u00e9 : <em>\u00ab Je fume, mais je veux m\u2019en sortir. Savoir que mon entreprise m\u2019encourage, \u00e7a change tout. \u00bb<\/em><\/p><\/p>\n\n<figure class=\"wp-block-image size-full\"><img decoding=\"async\" width=\"497\" height=\"317\" src=\"https:\/\/www.actualtextiles.com\/wp-content\/uploads\/2025\/06\/Temoignage-Elie.png\" alt=\"\" class=\"wp-image-8763\" srcset=\"https:\/\/www.actualtextiles.com\/wp-content\/uploads\/2025\/06\/Temoignage-Elie.png 497w, https:\/\/www.actualtextiles.com\/wp-content\/uploads\/2025\/06\/Temoignage-Elie-300x191.png 300w\" sizes=\"(max-width: 497px) 100vw, 497px\" \/><\/figure>\n<p><p><strong>Patrick<\/strong>, responsable coupe : <em>\u00ab \u00c0 partir d\u2019aujourd\u2019hui, je r\u00e9duis ma consommation. Mon objectif : arr\u00eater totalement d\u2019ici 3 mois. \u00bb<\/em><\/p><\/p>\n\n<figure class=\"wp-block-image size-full\"><img loading=\"lazy\" decoding=\"async\" width=\"444\" height=\"295\" src=\"https:\/\/www.actualtextiles.com\/wp-content\/uploads\/2025\/06\/Temoignage-Mr-Patrick.png\" alt=\"\" class=\"wp-image-8765\" srcset=\"https:\/\/www.actualtextiles.com\/wp-content\/uploads\/2025\/06\/Temoignage-Mr-Patrick.png 444w, https:\/\/www.actualtextiles.com\/wp-content\/uploads\/2025\/06\/Temoignage-Mr-Patrick-300x199.png 300w\" sizes=\"(max-width: 444px) 100vw, 444px\" \/><\/figure>\n<p><p><strong>Herintsoa<\/strong>, responsable finition : <em>\u00ab Je fume souvent pour g\u00e9rer le stress du travail. Mais j\u2019ai compris que ce n\u2019est pas une vraie solution, mais un danger pour ma sant\u00e9. \u00bb<\/em><\/p><\/p>\n\n<figure class=\"wp-block-image size-full\"><img loading=\"lazy\" decoding=\"async\" width=\"494\" height=\"325\" src=\"https:\/\/www.actualtextiles.com\/wp-content\/uploads\/2025\/06\/Temoignage-Herintsoa.png\" alt=\"\" class=\"wp-image-8767\" srcset=\"https:\/\/www.actualtextiles.com\/wp-content\/uploads\/2025\/06\/Temoignage-Herintsoa.png 494w, https:\/\/www.actualtextiles.com\/wp-content\/uploads\/2025\/06\/Temoignage-Herintsoa-300x197.png 300w\" sizes=\"(max-width: 494px) 100vw, 494px\" \/><\/figure>\n<p><p><strong>Tsiry<\/strong>, Machiniste :\u00a0\u00ab\u00a0<em>En voyant combien je d\u00e9pense chaque mois pour le tabac, je r\u00e9alise que j\u2019aurais pu \u00e9conomiser pour autre chose. \u00bb<\/em><\/p><\/p>\n\n<figure class=\"wp-block-image size-full\"><img loading=\"lazy\" decoding=\"async\" width=\"508\" height=\"341\" src=\"https:\/\/www.actualtextiles.com\/wp-content\/uploads\/2025\/06\/Temoignage-Machiniste.png\" alt=\"\" class=\"wp-image-8769\" srcset=\"https:\/\/www.actualtextiles.com\/wp-content\/uploads\/2025\/06\/Temoignage-Machiniste.png 508w, https:\/\/www.actualtextiles.com\/wp-content\/uploads\/2025\/06\/Temoignage-Machiniste-300x201.png 300w\" sizes=\"(max-width: 508px) 100vw, 508px\" \/><\/figure>\n<p><p><strong>Une vision forte port\u00e9e par la direction d\u2019ACTUAL TEXTILES<\/strong><\/p><\/p>\n\n<p>Pour Madame Mezbine HIRIDJEE et Monsieur Ilann HIRIDJEE, \u00e0 la t\u00eate de l\u2019entreprise, cette action s\u2019inscrit dans une strat\u00e9gie \u00e0 long terme :<\/p>\n\n<p>\u00ab Chez ACTUAL TEXTILES, nous croyons fermement que notre responsabilit\u00e9 d\u00e9passe la simple production textile. En tant qu\u2019acteur du textile \u00e0 Madagascar, nous avons le devoir d\u2019accompagner nos collaborateurs dans leur sant\u00e9 et leur d\u00e9veloppement personnel. Cette Journ\u00e9e mondiale sans tabac nous a permis de donner la parole \u00e0 ceux qui veulent changer, et de leur proposer un r\u00e9el soutien. \u00bb<\/p>\n\n<p><p><strong>Le textile \u00e0 Madagascar, levier de transformation sociale<\/strong><\/p><\/p>\n\n<p>\u00c0 travers cette initiative, ACTUAL TEXTILES affirme une fois de plus qu\u2019il est possible de concilier exigence industrielle et responsabilit\u00e9 sociale. L\u2019entreprise devient un mod\u00e8le inspirant du textile \u00e0 Madagascar, prouvant que ce secteur peut aussi \u00eatre un moteur de changement humain et durable.<\/p>\n\n<p>En int\u00e9grant des actions de pr\u00e9vention \u00e0 ses pratiques internes, ACTUAL TEXTILES contribue \u00e0 construire un textile \u00e0 Madagascar plus conscient, plus solidaire et tourn\u00e9 vers l\u2019avenir. La Journ\u00e9e mondiale sans tabac a ainsi permis de mettre en lumi\u00e8re non seulement les d\u00e9fis, mais aussi les opportunit\u00e9s de transformation au sein d\u2019une industrie essentielle au pays.<\/p>\n\n<p><div class=\"wpview wpview-wrap\" data-wpview-text=\"https%3A%2F%2Fmidi-madagasikara.mg%2Ftextile-madagascar-actual-textiles-celebre-la-journee-mondiale-sans-tabac-avec-un-message-fort-pour-la-sante-de-ses-salaries%2F\" data-wpview-type=\"embedURL\" contenteditable=\"false\"><iframe frameborder=\"0\" allowtransparency=\"true\" scrolling=\"no\" class=\"wpview-sandbox\" style=\"width: 100%; display: block;\"><\/iframe><span class=\"mce-shim\"><\/span><span class=\"wpview-end\"><\/span><\/div><\/p>\n\n<p><\/p>\n","protected":false},"excerpt":{"rendered":"<p>\u00c0 l\u2019occasion de la Journ\u00e9e mondiale sans tabac, c\u00e9l\u00e9br\u00e9e chaque 31 mai, l\u2019entreprise a mis en place une initiative originale pour sensibiliser ses collaborateurs aux dangers du tabac et promouvoir un environnement de travail plus sain.<\/p>\n","protected":false},"author":11,"featured_media":8760,"comment_status":"closed","ping_status":"closed","sticky":false,"template":"","format":"standard","meta":{"neve_meta_sidebar":"","neve_meta_container":"","neve_meta_enable_content_width":"","neve_meta_content_width":0,"neve_meta_title_alignment":"","neve_meta_author_avatar":"","neve_post_elements_order":"","neve_meta_disable_header":"","neve_meta_disable_footer":"","neve_meta_disable_title":"","neve_meta_reading_time":"","footnotes":""},"categories":[38],"tags":[],"class_list":["post-8773","post","type-post","status-publish","format-standard","has-post-thumbnail","hentry","category-actualites"],"_links":{"self":[{"href":"https:\/\/www.actualtextiles.com\/fr\/wp-json\/wp\/v2\/posts\/8773","targetHints":{"allow":["GET"]}}],"collection":[{"href":"https:\/\/www.actualtextiles.com\/fr\/wp-json\/wp\/v2\/posts"}],"about":[{"href":"https:\/\/www.actualtextiles.com\/fr\/wp-json\/wp\/v2\/types\/post"}],"author":[{"embeddable":true,"href":"https:\/\/www.actualtextiles.com\/fr\/wp-json\/wp\/v2\/users\/11"}],"replies":[{"embeddable":true,"href":"https:\/\/www.actualtextiles.com\/fr\/wp-json\/wp\/v2\/comments?post=8773"}],"version-history":[{"count":3,"href":"https:\/\/www.actualtextiles.com\/fr\/wp-json\/wp\/v2\/posts\/8773\/revisions"}],"predecessor-version":[{"id":8776,"href":"https:\/\/www.actualtextiles.com\/fr\/wp-json\/wp\/v2\/posts\/8773\/revisions\/8776"}],"wp:featuredmedia":[{"embeddable":true,"href":"https:\/\/www.actualtextiles.com\/fr\/wp-json\/wp\/v2\/media\/8760"}],"wp:attachment":[{"href":"https:\/\/www.actualtextiles.com\/fr\/wp-json\/wp\/v2\/media?parent=8773"}],"wp:term":[{"taxonomy":"category","embeddable":true,"href":"https:\/\/www.actualtextiles.com\/fr\/wp-json\/wp\/v2\/categories?post=8773"},{"taxonomy":"post_tag","embeddable":true,"href":"https:\/\/www.actualtextiles.com\/fr\/wp-json\/wp\/v2\/tags?post=8773"}],"curies":[{"name":"wp","href":"https:\/\/api.w.org\/{rel}","templated":true}]}}