{"id":8711,"date":"2025-05-19T08:28:36","date_gmt":"2025-05-19T06:28:36","guid":{"rendered":"https:\/\/www.actualtextiles.com\/ensemble-faisons-grandir-un-avenir-plus-responsable-pour-un-textile-malgache-plus-durable-celebrons-la-journee-mondiale-du-commerce-equitable\/"},"modified":"2025-05-20T08:15:11","modified_gmt":"2025-05-20T06:15:11","slug":"ensemble-faisons-grandir-un-avenir-plus-responsable-pour-un-textile-malgache-plus-durable-celebrons-la-journee-mondiale-du-commerce-equitable","status":"publish","type":"post","link":"https:\/\/www.actualtextiles.com\/fr\/ensemble-faisons-grandir-un-avenir-plus-responsable-pour-un-textile-malgache-plus-durable-celebrons-la-journee-mondiale-du-commerce-equitable\/","title":{"rendered":"Textile Madagascar : Ensemble, pour un avenir textile durable et responsable, c\u00e9l\u00e9brons la journ\u00e9e Mondiale du commerce \u00e9quitable"},"content":{"rendered":"\n<figure class=\"wp-block-gallery has-nested-images columns-default is-cropped wp-block-gallery-1 is-layout-flex wp-block-gallery-is-layout-flex\">\n<figure class=\"wp-block-image size-large\"><img fetchpriority=\"high\" decoding=\"async\" width=\"540\" height=\"720\" data-id=\"8698\" src=\"https:\/\/www.actualtextiles.com\/wp-content\/uploads\/2025\/05\/1747390644294-1.png\" alt=\"\" class=\"wp-image-8698\" srcset=\"https:\/\/www.actualtextiles.com\/wp-content\/uploads\/2025\/05\/1747390644294-1.png 540w, https:\/\/www.actualtextiles.com\/wp-content\/uploads\/2025\/05\/1747390644294-1-225x300.png 225w\" sizes=\"(max-width: 540px) 100vw, 540px\" \/><\/figure>\n\n\n<figure class=\"wp-block-image size-large\"><img decoding=\"async\" width=\"540\" height=\"720\" data-id=\"8700\" src=\"https:\/\/www.actualtextiles.com\/wp-content\/uploads\/2025\/05\/1747390659523-1.png\" alt=\"\" class=\"wp-image-8700\" srcset=\"https:\/\/www.actualtextiles.com\/wp-content\/uploads\/2025\/05\/1747390659523-1.png 540w, https:\/\/www.actualtextiles.com\/wp-content\/uploads\/2025\/05\/1747390659523-1-225x300.png 225w\" sizes=\"(max-width: 540px) 100vw, 540px\" \/><\/figure><\/figure>\n\n<p><p><strong>Antananarivo, 15 mai 2025<\/strong> \u2013 le <strong>Textile \u00e0 Madagascar<\/strong>, un acteur incontournable dans l&rsquo;industrie textile locale, c\u00e9l\u00e8bre la <strong>Journ\u00e9e Mondiale du Commerce \u00c9quitable<\/strong> en renfor\u00e7ant son engagement envers des pratiques durables et humaines. Ce 15 mai 2025, l\u2019entreprise <strong>ACTUAL TEXTILES<\/strong>, pilier du secteur textile \u00e0 Madagascar, a install\u00e9 un arbre \u00e0 souhait symbolisant son engagement pour un <strong>avenir textile \u00e9thique \u00e0 Madagascar<\/strong>, o\u00f9 chaque acteur \u2013 salari\u00e9, communaut\u00e9 locale, et environnement \u2013 est respect\u00e9 et valoris\u00e9.<\/p><\/p>\n\n<p><p><strong>Textile Madagascar : un mod\u00e8le de durabilit\u00e9 et d\u2019\u00e9thique<\/strong><\/p><\/p>\n\n<p>\u00c0 Textile Madagascar, l\u2019engagement en faveur du commerce \u00e9quitable d\u00e9passe la simple mise en place de pratiques responsables. Il s\u2019agit d\u2019un v\u00e9ritable mod\u00e8le de gestion sociale et \u00e9conomique, o\u00f9 la priorit\u00e9 est donn\u00e9e \u00e0 l\u2019humain et \u00e0 l\u2019environnement. Cet engagement se concr\u00e9tise chaque jour \u00e0 travers des actions pratiques, comme l\u2019installation de l\u2019arbre \u00e0 souhait dans les locaux de l\u2019entreprise.<\/p>\n\n<p><p><strong>Un arbre \u00e0 souhait : le symbole d\u2019un engagement collectif pour un avenir textile responsable<\/strong><\/p><\/p>\n\n<p><p><strong>\u00a0 <\/strong>L\u2019arbre \u00e0 souhait, \u00e9rig\u00e9 dans la cantine de <strong>ACTUAL TEXTILES<\/strong>, ne se contente pas d\u2019\u00eatre un simple ornement d\u00e9coratif. Il incarne une <strong>vision collective d&rsquo;un avenir plus juste, plus \u00e9quitable et durable<\/strong> pour l\u2019industrie textile de Madagascar. En invitant les employ\u00e9s \u00e0 \u00e9crire leurs v\u0153ux pour un futur empreint d\u2019\u00e9thique et de solidarit\u00e9, cette initiative met en lumi\u00e8re l\u2019importance de chaque individu dans la construction d\u2019une industrie textile plus humaine et respectueuse des droits fondamentaux.<\/p><\/p>\n\n<p>Le Textile \u00e0 Madagascar se distingue ainsi par une approche qui valorise chaque voix, chaque v\u0153u, chaque engagement, permettant de cr\u00e9er un environnement de travail o\u00f9 l\u2019\u00e9thique, l\u2019inclusion, et la durabilit\u00e9 ne sont pas des options, mais des principes fondamentaux.<\/p>\n\n<p><p><strong>Commerce \u00e9quitable et t\u00e9moignages : Un impact r\u00e9el sur les employ\u00e9s et la communaut\u00e9 locale<\/strong><\/p><\/p>\n\n<p><p>Dans le <strong>Textile Madagascar<\/strong>, le <strong>commerce \u00e9quitable<\/strong> ne se limite pas \u00e0 des engagements abstraits. C\u2019est un principe qui se vit au quotidien. Les t\u00e9moignages des salari\u00e9s d&rsquo;<strong>ACTUAL TEXTILES<\/strong> illustrent parfaitement les effets positifs de ce mod\u00e8le sur leur vie professionnelle et personnelle.<\/p><\/p>\n\n<p><p><strong>Les t\u00e9moignages des employ\u00e9s : L\u2019impact humain du commerce \u00e9quitable<\/strong><\/p><\/p>\n\n<p><p>Pour <strong>Nivo<\/strong>, machiniste chez <strong>ACTUAL TEXTILES<\/strong>, les conditions de travail respectueuses sont un moteur quotidien :<\/p><\/p>\n\n<p>\u00ab Travailler dans une entreprise qui respecte la loi et les conditions de travail me motive encore plus. Cela cr\u00e9e un cadre agr\u00e9able, o\u00f9 je me sens bien et respect\u00e9. \u00bb<\/p>\n\n<figure class=\"wp-block-gallery has-nested-images columns-default is-cropped wp-block-gallery-2 is-layout-flex wp-block-gallery-is-layout-flex\">\n<figure class=\"wp-block-image size-large\"><img decoding=\"async\" width=\"490\" height=\"720\" data-id=\"8702\" src=\"https:\/\/www.actualtextiles.com\/wp-content\/uploads\/2025\/05\/1747395334045.png\" alt=\"\" class=\"wp-image-8702\" srcset=\"https:\/\/www.actualtextiles.com\/wp-content\/uploads\/2025\/05\/1747395334045.png 490w, https:\/\/www.actualtextiles.com\/wp-content\/uploads\/2025\/05\/1747395334045-204x300.png 204w\" sizes=\"(max-width: 490px) 100vw, 490px\" \/><\/figure><\/figure>\n\n<p><p><strong>Toky<\/strong>, un autre machiniste, t\u00e9moigne de l&rsquo;impact profond de son travail sur sa vie familiale et personnelle :<\/p><\/p>\n\n<p>\u00ab Gr\u00e2ce \u00e0 mon emploi chez ACTUAL TEXTILES, je peux non seulement subvenir \u00e0 mes besoins, mais aussi scolariser mes enfants. Cela a v\u00e9ritablement transform\u00e9 ma vie. \u00bb<\/p>\n\n<figure class=\"wp-block-image size-full\"><img loading=\"lazy\" decoding=\"async\" width=\"304\" height=\"528\" src=\"https:\/\/www.actualtextiles.com\/wp-content\/uploads\/2025\/05\/1747395335380-2.png\" alt=\"\" class=\"wp-image-8722\" srcset=\"https:\/\/www.actualtextiles.com\/wp-content\/uploads\/2025\/05\/1747395335380-2.png 304w, https:\/\/www.actualtextiles.com\/wp-content\/uploads\/2025\/05\/1747395335380-2-173x300.png 173w\" sizes=\"(max-width: 304px) 100vw, 304px\" \/><\/figure>\n<p><p><strong>Bas\u00e9<\/strong>, jardinier, parle avec fiert\u00e9 de la libert\u00e9 cr\u00e9ative qu\u2019il trouve dans son travail :<\/p><\/p>\n\n<p>\u00ab Ce qui me rend fier, c\u2019est de pouvoir cr\u00e9er librement et de m\u2019\u00e9panouir dans ce que je fais. Voir mes coll\u00e8gues et mon employeur satisfaits me procure beaucoup de joie et de motivation. \u00bb<\/p>\n\n<figure class=\"wp-block-gallery has-nested-images columns-default is-cropped wp-block-gallery-3 is-layout-flex wp-block-gallery-is-layout-flex\">\n<figure class=\"wp-block-image size-large\"><img loading=\"lazy\" decoding=\"async\" width=\"400\" height=\"628\" data-id=\"8724\" src=\"https:\/\/www.actualtextiles.com\/wp-content\/uploads\/2025\/05\/1747395332747-3.png\" alt=\"\" class=\"wp-image-8724\" srcset=\"https:\/\/www.actualtextiles.com\/wp-content\/uploads\/2025\/05\/1747395332747-3.png 400w, https:\/\/www.actualtextiles.com\/wp-content\/uploads\/2025\/05\/1747395332747-3-191x300.png 191w\" sizes=\"(max-width: 400px) 100vw, 400px\" \/><\/figure><\/figure>\n\n<p>Ces t\u00e9moignages d\u00e9montrent que, derri\u00e8re chaque produit textile fabriqu\u00e9 \u00e0 Madagascar, il y a des femmes et des hommes qui b\u00e9n\u00e9ficient de conditions de travail justes et respectueuses. Ils soulignent l&rsquo;importance du commerce \u00e9quitable dans l\u2019industrie textile \u00e0 Madagascar et son impact positif sur les individus, leurs familles, et leur communaut\u00e9.<\/p>\n\n<p><p><strong>Le commerce \u00e9quitable \u00e0 Madagascar : Un moteur de transformation pour l\u2019industrie textile<\/strong><\/p><\/p>\n\n<p>Le commerce \u00e9quitable \u00e0 Madagascar incarne bien plus qu\u2019une simple \u00e9tiquette. Il repr\u00e9sente une strat\u00e9gie de d\u00e9veloppement durable qui a des r\u00e9percussions directes sur les employ\u00e9s, les communaut\u00e9s locales, et l\u2019\u00e9conomie nationale. Chaque action entreprise par du Textile \u00e0 Madagascar dans le cadre du commerce \u00e9quitable a un effet domino, contribuant \u00e0 un changement profond et positif dans la soci\u00e9t\u00e9 malgache.<\/p>\n\n<p>Les d\u00e9cisions qui garantissent des conditions de travail respectueuses et des r\u00e9mun\u00e9rations \u00e9quitables cr\u00e9ent un environnement de travail plus humain, tout en renfor\u00e7ant la confiance mutuelle et la loyaut\u00e9 entre l\u2019entreprise et ses employ\u00e9s.<\/p>\n\n<p><p><strong>Commerce \u00e9quitable et d\u00e9veloppement \u00e9conomique local : Une dynamique de croissance partag\u00e9e<\/strong><\/p><\/p>\n\n<p>En pla\u00e7ant l\u2019humain au centre de ses pr\u00e9occupations, Textile Madagascar favorise le d\u00e9veloppement \u00e9conomique local tout en pr\u00e9servant l\u2019int\u00e9grit\u00e9 des valeurs humaines. Le commerce \u00e9quitable permet de garantir des salaires justes, de soutenir la formation continue des employ\u00e9s et de promouvoir l\u2019acc\u00e8s aux droits fondamentaux, contribuant ainsi \u00e0 une croissance durable qui profite \u00e0 toutes les parties prenantes.<\/p>\n\n<p>L\u2019approche \u00e9thique du Textile \u00e0 Madagascar va bien au-del\u00e0 de la simple production textile : elle s&rsquo;inscrit dans un mod\u00e8le de d\u00e9veloppement \u00e9conomique int\u00e9gr\u00e9, o\u00f9 la solidarit\u00e9, la responsabilit\u00e9 sociale, et le respect des normes environnementales sont des leviers essentiels pour garantir un avenir prosp\u00e8re \u00e0 Madagascar.<\/p>\n\n<p><p><strong>Valorisation du savoir-faire local : Un pilier de qualit\u00e9 et d\u2019identit\u00e9 malgache<\/strong><\/p><\/p>\n\n<p>Un autre aspect fondamental de l\u2019engagement d\u2019ACTUAL TEXTILES est la valorisation du savoir-faire local. Chaque collaborateur, qu\u2019il soit machiniste, jardinier ou dans un autre domaine, contribue \u00e0 pr\u00e9server et enrichir l\u2019expertise textile propre \u00e0 Madagascar. Ce savoir-faire, transmis de g\u00e9n\u00e9ration en g\u00e9n\u00e9ration, est un gage de qualit\u00e9 et de performance pour l\u2019entreprise.<\/p>\n\n<p>Les produits fabriqu\u00e9s dans les ateliers portent ainsi non seulement l\u2019empreinte de la qualit\u00e9, mais aussi celle de l\u2019identit\u00e9 culturelle de Madagascar. Ce respect des traditions et des comp\u00e9tences locales contribue \u00e0 faire rayonner le textile malgache sur la sc\u00e8ne internationale, tout en soutenant l\u2019\u00e9conomie locale.<\/p>\n\n<p><p><strong>Un mot de la direction : Vers un avenir textile responsable et solidaire<\/strong><\/p><\/p>\n\n<p><p>Madame <strong>Mezbine Hiridjee<\/strong> et Monsieur <strong>Ilann Hiridjee<\/strong>, dirigeants d\u2019<strong>ACTUAL TEXTILES<\/strong>, expriment leur fiert\u00e9 et leur satisfaction face \u00e0 cette initiative :<\/p><\/p>\n\n<p>\u00ab Chez ACTUAL TEXTILES, nous croyons fermement que le respect des individus et des valeurs \u00e9thiques doit \u00eatre le fil conducteur de toutes nos actions. L\u2019arbre \u00e0 souhait est un symbole fort de notre engagement commun envers un avenir textile plus juste, plus solidaire et plus durable. \u00bb<\/p>\n\n<p>Ils poursuivent :<\/p>\n\n<p>\u00ab Chaque action, chaque geste compte dans cette d\u00e9marche. Ensemble, nous poursuivons la mission de faire de Textile Madagascar un mod\u00e8le d\u2019entreprise responsable, o\u00f9 l\u2019\u00e9thique et la durabilit\u00e9 sont les moteurs de notre d\u00e9veloppement. \u00bb<\/p>\n\n<p><p><strong>Ensemble, pour un avenir textile plus \u00e9thique \u00e0 Madagascar<\/strong><\/p><\/p>\n\n<p>La Journ\u00e9e Mondiale du Commerce \u00c9quitable est une occasion parfaite pour rappeler que des actions concr\u00e8tes, comme l\u2019installation de l\u2019arbre \u00e0 souhait, sont bien plus que de simples symboles. Elles incarnent une d\u00e9marche authentique de transformation durable et responsable.<\/p>\n\n<p><p>Chez <strong>ACTUAL TEXTILES<\/strong>, chaque v\u0153u inscrit sur l\u2019arbre \u00e0 souhait repr\u00e9sente une \u00e9tape vers un <strong>avenir textile plus humain<\/strong>, respectueux des droits et des valeurs fondamentales. Gr\u00e2ce \u00e0 cette vision, l\u2019entreprise continue \u00e0 avancer vers un avenir plus solidaire, plus responsable, et plus \u00e9quitable, convaincue que le <strong>commerce \u00e9quitable et durable \u00e0 Madagascar<\/strong> est la cl\u00e9 d\u2019un d\u00e9veloppement prosp\u00e8re pour tous.<\/p><\/p>\n\n<p><p>https:\/\/lnkd.in\/emscYJcf<\/p><\/p>\n\n<p><\/p>\n","protected":false},"excerpt":{"rendered":"<p>le Textile \u00e0 Madagascar, un acteur incontournable dans l&rsquo;industrie textile locale, c\u00e9l\u00e8bre la Journ\u00e9e Mondiale du Commerce \u00c9quitable en renfor\u00e7ant son engagement envers des pratiques durables et humaines.<\/p>\n","protected":false},"author":11,"featured_media":8703,"comment_status":"closed","ping_status":"closed","sticky":false,"template":"","format":"standard","meta":{"neve_meta_sidebar":"","neve_meta_container":"","neve_meta_enable_content_width":"","neve_meta_content_width":0,"neve_meta_title_alignment":"","neve_meta_author_avatar":"","neve_post_elements_order":"","neve_meta_disable_header":"","neve_meta_disable_footer":"","neve_meta_disable_title":"","neve_meta_reading_time":"","footnotes":""},"categories":[38],"tags":[],"class_list":["post-8711","post","type-post","status-publish","format-standard","has-post-thumbnail","hentry","category-actualites"],"_links":{"self":[{"href":"https:\/\/www.actualtextiles.com\/fr\/wp-json\/wp\/v2\/posts\/8711","targetHints":{"allow":["GET"]}}],"collection":[{"href":"https:\/\/www.actualtextiles.com\/fr\/wp-json\/wp\/v2\/posts"}],"about":[{"href":"https:\/\/www.actualtextiles.com\/fr\/wp-json\/wp\/v2\/types\/post"}],"author":[{"embeddable":true,"href":"https:\/\/www.actualtextiles.com\/fr\/wp-json\/wp\/v2\/users\/11"}],"replies":[{"embeddable":true,"href":"https:\/\/www.actualtextiles.com\/fr\/wp-json\/wp\/v2\/comments?post=8711"}],"version-history":[{"count":7,"href":"https:\/\/www.actualtextiles.com\/fr\/wp-json\/wp\/v2\/posts\/8711\/revisions"}],"predecessor-version":[{"id":8731,"href":"https:\/\/www.actualtextiles.com\/fr\/wp-json\/wp\/v2\/posts\/8711\/revisions\/8731"}],"wp:featuredmedia":[{"embeddable":true,"href":"https:\/\/www.actualtextiles.com\/fr\/wp-json\/wp\/v2\/media\/8703"}],"wp:attachment":[{"href":"https:\/\/www.actualtextiles.com\/fr\/wp-json\/wp\/v2\/media?parent=8711"}],"wp:term":[{"taxonomy":"category","embeddable":true,"href":"https:\/\/www.actualtextiles.com\/fr\/wp-json\/wp\/v2\/categories?post=8711"},{"taxonomy":"post_tag","embeddable":true,"href":"https:\/\/www.actualtextiles.com\/fr\/wp-json\/wp\/v2\/tags?post=8711"}],"curies":[{"name":"wp","href":"https:\/\/api.w.org\/{rel}","templated":true}]}}